{"id":3145,"date":"2025-07-17T11:14:33","date_gmt":"2025-07-17T09:14:33","guid":{"rendered":"https:\/\/www.rubatec.es\/?p=3145"},"modified":"2026-03-09T13:08:30","modified_gmt":"2026-03-09T12:08:30","slug":"adjudicacio-installacio-pergola-fotovoltaica-parking-sant-boi","status":"publish","type":"post","link":"https:\/\/www.rubatec.es\/ca\/adjudicacio-installacio-pergola-fotovoltaica-parking-sant-boi","title":{"rendered":"P\u00e8rgola fotovoltaica de Sant Boi: arranquen les obres de la major instal\u00b7laci\u00f3 solar de l&#8217;\u00e0rea metropolitana"},"content":{"rendered":"\n<p><strong>RUBATEC <\/strong>ha resultat adjudicat\u00e0ria del contracte per a construir la major p\u00e8rgola fotovoltaica de l&#8217;\u00c0rea Metropolitana de Barcelona (AMB) en l&#8217;aparcament del supermercat Alcampo, a Sant Boi de Llobregat.<\/p>\n\n\n\n<p>El projecte, que t\u00e9 planificada la seva entrada en funcionament a mitjans de 2026, ha estat impulsat per la AMB i l&#8217;ajuntament de Sant Boi. A la seva finalitzaci\u00f3, convertir\u00e0 un espai fins ara dedicat exclusivament als vehicles en la <strong>cinquena instal\u00b7laci\u00f3 renovable d&#8217;autoconsum m\u00e9s potent de Catalunya<\/strong> (\u00e9s a dir, proveint a subministraments en un radi de 2km).<\/p>\n\n\n\n<h3 class=\"wp-block-heading\">Caracter\u00edstiques t\u00e8cniques<\/h3>\n\n\n\n<p>La p\u00e8rgola ocupar\u00e0 una superf\u00edcie de 15.334 metres quadrats, m\u00e9s d&#8217;un camp de futbol de superf\u00edcie, i quatre vegades m\u00e9s gran que la p\u00e8rgola instal\u00b7lada en el Parc del F\u00f2rum.<\/p>\n\n\n\n<p>Estar\u00e0 equipada amb 7.055 panells solars de 460 Wp cadascun. Segons els c\u00e0lculs, aquesta instal\u00b7laci\u00f3 produir\u00e0 4.442MWh d&#8217;energia a l&#8217;any.<\/p>\n\n\n\n<p>Segons la AMB, aix\u00f2 \u201cequivaldria a la c\u00e0rrega de 2.400 cotxes el\u00e8ctrics, o proveir a m\u00e9s de 1.200 llars a l&#8217;any\u201d. Comportaria l&#8217;estalvi de <strong>1.155 tones de CO2-eq<\/strong>, que \u00e9s aproximadament l&#8217;impacte anual de 300 vehicles de combustible f\u00f2ssil.<\/p>\n\n\n\n<p>Les obres, que arrencaran en el segon semestre de 2025 i es prolongaran durant 11 mesos, compten amb una inversi\u00f3 de 7,34 milions d&#8217;euros. D&#8217;aquesta quantitat, gaireb\u00e9 2 milions procedeixen dels fons europeus Next Generation, mentre que la AMB i l&#8217;Ajuntament de Sant Boi aporten la resta, amb una contribuci\u00f3 municipal de 800.000\u20ac.<\/p>\n\n\n\n<p>Aquest esfor\u00e7 conjunt reflecteix el comprom\u00eds de les administracions p\u00fabliques amb la sostenibilitat i la innovaci\u00f3, aix\u00ed com la capacitat de <strong>RUBATEC <\/strong>per a executar projectes de gran envergadura amb un enfocament t\u00e8cnic, sostenible i socialment responsable.<\/p>\n\n\n\n<h3 class=\"wp-block-heading\">Impacte urban\u00edstic<\/h3>\n\n\n\n<p>M\u00e9s enll\u00e0 de generar energia neta, la iniciativa inclou millores en l&#8217;entorn urb\u00e0 de l&#8217;aparcament. Es crearan zones verdes, \u00e0rees d&#8217;ombra natural i punts de rec\u00e0rrega per a vehicles el\u00e8ctrics, transformant l&#8217;espai en un lloc m\u00e9s agradable i funcional per als ciutadans.<\/p>\n\n\n\n<p>A m\u00e9s, el projecte destaca per la seva aposta per l&#8217;autoconsum col\u00b7lectiu: l&#8217;energia generada es destinar\u00e0 a <strong>39 equipaments p\u00fablics del municipi<\/strong>, reduint la seva petjada de carboni i els seus costos energ\u00e8tics.<\/p>\n\n\n\n<p>Aquestes actuacions no sols responen a la necessitat de combatre el canvi clim\u00e0tic, sin\u00f3 que tamb\u00e9 busquen millorar la qualitat de vida en Sant Boi, un municipi que es consolida com a referent en l&#8217;adopci\u00f3 de tecnologies sostenibles en l&#8217;\u00c0rea Metropolitana de Barcelona.<\/p>\n\n\n\n<h3 class=\"wp-block-heading\">Inici de les obres \u2014 Febrer 2026<\/h3>\n\n\n\n<p>A finals de febrer de 2026, les obres de construcci\u00f3 de la p\u00e8rgola han comen\u00e7at. La maquin\u00e0ria ja opera a l&#8217;aparcament de l&#8217;Alcampo i les primeres fases de la intervenci\u00f3 estan en marxa, amb una durada prevista d&#8217;11 mesos.<\/p>\n\n\n\n<div style=\"height:30px\" aria-hidden=\"true\" class=\"wp-block-spacer\"><\/div>\n\n\n\n<figure class=\"wp-block-image aligncenter size-large\"><img  title=\"\" decoding=\"async\" width=\"700\" height=\"467\" src=\"https:\/\/www.rubatec.es\/wp-content\/uploads\/2025\/07\/rubatec-inicio-pergola-sant-boi-700x467.png\"  alt=\"rubatec-inicio-pergola-sant-boi-700x467 P\u00e8rgola fotovoltaica de Sant Boi: arranquen les obres de la major instal\u00b7laci\u00f3 solar de l&#039;\u00e0rea metropolitana\"  class=\"wp-image-7600\" srcset=\"https:\/\/www.rubatec.es\/wp-content\/uploads\/2025\/07\/rubatec-inicio-pergola-sant-boi-700x467.png 700w, https:\/\/www.rubatec.es\/wp-content\/uploads\/2025\/07\/rubatec-inicio-pergola-sant-boi-250x167.png 250w, https:\/\/www.rubatec.es\/wp-content\/uploads\/2025\/07\/rubatec-inicio-pergola-sant-boi-768x512.png 768w, https:\/\/www.rubatec.es\/wp-content\/uploads\/2025\/07\/rubatec-inicio-pergola-sant-boi-1536x1024.png 1536w, https:\/\/www.rubatec.es\/wp-content\/uploads\/2025\/07\/rubatec-inicio-pergola-sant-boi-2048x1365.png 2048w, https:\/\/www.rubatec.es\/wp-content\/uploads\/2025\/07\/rubatec-inicio-pergola-sant-boi-120x80.png 120w\" sizes=\"(max-width: 700px) 100vw, 700px\" \/><\/figure>\n\n\n\n<div style=\"height:30px\" aria-hidden=\"true\" class=\"wp-block-spacer\"><\/div>\n\n\n\n<p>Els treballs s&#8217;organitzen per fases per tal de minimitzar l&#8217;impacte sobre l&#8217;activitat del centre comercial. Durant la fase actual, la principal afectaci\u00f3 consisteix en la reducci\u00f3 temporal d&#8217;aproximadament una sisena part de les places d&#8217;aparcament i el desviament provisional de la circulaci\u00f3 a un dels dos carrils centrals.<\/p>\n\n\n\n<h3 class=\"wp-block-heading\">Un projecte amb repercussi\u00f3<\/h3>\n\n\n\n<p>L&#8217;inici de les obres ha tingut una notable cobertura en mitjans de comunicaci\u00f3, tant generalistes com especialitzats en energia i sostenibilitat:<\/p>\n\n\n\n<ul class=\"wp-block-list\">\n<li><a href=\"https:\/\/www.elperiodico.com\/es\/barcelona\/20260226\/arrancan-obras-transformar-parking-alcampo-sant-boi-macroplanta-fotovoltaica-127292044\">El Peri\u00f3dico<\/a> \u2014 &#8220;Arrancan las obras para transformar el parking de Alcampo en Sant Boi en una macroplanta fotovoltaica&#8221;<\/li>\n\n\n\n<li><a href=\"https:\/\/www.elllobregat.com\/noticia\/31329\/sant-boi\/sant-boi-arranca-su-gran-motor-verde-empiezan-las-obras-del-panel-solar-metropolitano-mas-potente.html\">El Llobregat<\/a> \u2014 &#8220;Sant Boi arranca su gran motor verde&#8221;<\/li>\n\n\n\n<li><a href=\"https:\/\/santboidiari.com\/2026\/03\/02\/les-obres-dinstalacio-de-la-nova-pergola-fotovoltaica-donen-el-tret-de-sortida\/\">Sant Boi Diari<\/a> \u2014 &#8220;Les obres d&#8217;instal\u00b7laci\u00f3 de la nova p\u00e8rgola fotovoltaica donen el tret de sortida&#8221;<\/li>\n\n\n\n<li><a href=\"https:\/\/www.eseficiencia.es\/2026\/03\/03\/comienzan-obras-pergola-fotovoltaica-aparcamiento-alcampo-sant-boi-llobregat\">Eseficiencia<\/a> \u2014 &#8220;Comienzan las obras de una p\u00e9rgola fotovoltaica en el aparcamiento de Alcampo&#8221;<\/li>\n\n\n\n<li><a href=\"https:\/\/www.ecoticias.com\/energias-renovables\/pergola-fotovoltaica-mas-potente-del-area-metropolitana-de-barcelona\">Ecoticias<\/a> \u2014 &#8220;P\u00e9rgola fotovoltaica m\u00e1s potente del \u00c1rea Metropolitana de Barcelona&#8221;<\/li>\n<\/ul>\n\n\n\n<h3 class=\"wp-block-heading\">Equipaments beneficiaris<\/h3>\n\n\n\n<p>L&#8217;energia generada es destinar\u00e0 inicialment a 39 equipaments p\u00fablics de Sant Boi de Llobregat en r\u00e8gim d&#8217;autoconsum col\u00b7lectiu, amb la possibilitat d&#8217;incorporar progressivament nous usuaris, incloent-hi llars en situaci\u00f3 de vulnerabilitat energ\u00e8tica. Entre els equipaments municipals amb major consum que s&#8217;integraran al sistema hi figuren el poliesportiu La Parellada, el Centre de Serveis, la Biblioteca Jordi Rubi\u00f3 i Balaguer, la caserna de la policia local, el Mercat de Sant Jordi i Can Massallera.<\/p>\n\n\n\n<p><em>Fonts: <a href=\"https:\/\/www.amb.cat\">AMB<\/a>, <a href=\"https:\/\/www.santboi.cat\">Ajuntament de Sant Boi de Llobregat<\/a>, <a href=\"https:\/\/www.elperiodico.com\/es\/barcelona\/20260226\/arrancan-obras-transformar-parking-alcampo-sant-boi-macroplanta-fotovoltaica-127292044\">El Peri\u00f3dico<\/a>, <a href=\"https:\/\/www.eseficiencia.es\/2026\/03\/03\/comienzan-obras-pergola-fotovoltaica-aparcamiento-alcampo-sant-boi-llobregat\">Eseficiencia<\/a>.<\/em><\/p>\n\n\n\n<p><\/p>\n","protected":false},"excerpt":{"rendered":"RUBATEC ha resultat adjudicat\u00e0ria del contracte per a construir la major p\u00e8rgola fotovoltaica de l&#8217;\u00c0rea Metropolitana de Barcelona (AMB) en l&#8217;aparcament del supermercat Alcampo, a Sant Boi de Llobregat. El projecte, que t\u00e9 planificada la seva entrada en funcionament a mitjans de 2026, ha estat impulsat per la AMB i l&#8217;ajuntament de Sant Boi. A&#8230; <a class=\"view-article\" href=\"https:\/\/www.rubatec.es\/ca\/adjudicacio-installacio-pergola-fotovoltaica-parking-sant-boi\">View Article<\/a>","protected":false},"author":7,"featured_media":3130,"comment_status":"closed","ping_status":"closed","sticky":false,"template":"","format":"standard","meta":{"_acf_changed":false,"footnotes":""},"categories":[1],"tags":[74,76,75,73],"class_list":["post-3145","post","type-post","status-publish","format-standard","has-post-thumbnail","hentry","category-sin-categorizar","tag-amb-2","tag-energies-renovables","tag-fotovoltaica-2","tag-sant-boi-2"],"acf":[],"yoast_head":"<!-- This site is optimized with the Yoast SEO plugin v27.4 - https:\/\/yoast.com\/product\/yoast-seo-wordpress\/ -->\n<title>Instal\u00b7laci\u00f3 de la major p\u00e8rgola fotovolt\u00e0ica de l&#039;AMB - RUBATEC<\/title>\n<meta name=\"robots\" content=\"index, follow, max-snippet:-1, max-image-preview:large, max-video-preview:-1\" \/>\n<link rel=\"canonical\" href=\"https:\/\/www.rubatec.es\/ca\/adjudicacio-installacio-pergola-fotovoltaica-parking-sant-boi\" \/>\n<meta property=\"og:locale\" content=\"ca_ES\" \/>\n<meta property=\"og:type\" content=\"article\" \/>\n<meta property=\"og:title\" content=\"Instal\u00b7laci\u00f3 de la major p\u00e8rgola fotovolt\u00e0ica de l&#039;AMB - RUBATEC\" \/>\n<meta property=\"og:description\" content=\"RUBATEC ha resultat adjudicat\u00e0ria del contracte per a construir la major p\u00e8rgola fotovoltaica de l&#8217;\u00c0rea Metropolitana de Barcelona (AMB) en l&#8217;aparcament del supermercat Alcampo, a Sant Boi de Llobregat. El projecte, que t\u00e9 planificada la seva entrada en funcionament a mitjans de 2026, ha estat impulsat per la AMB i l&#8217;ajuntament de Sant Boi. A... View Article\" \/>\n<meta property=\"og:url\" content=\"https:\/\/www.rubatec.es\/ca\/adjudicacio-installacio-pergola-fotovoltaica-parking-sant-boi\" \/>\n<meta property=\"og:site_name\" content=\"RUBATEC\" \/>\n<meta property=\"article:published_time\" content=\"2025-07-17T09:14:33+00:00\" \/>\n<meta property=\"article:modified_time\" content=\"2026-03-09T12:08:30+00:00\" \/>\n<meta property=\"og:image\" content=\"https:\/\/www.rubatec.es\/wp-content\/uploads\/2025\/07\/render_sant_boi.png\" \/>\n\t<meta property=\"og:image:width\" content=\"1862\" \/>\n\t<meta property=\"og:image:height\" content=\"907\" \/>\n\t<meta property=\"og:image:type\" content=\"image\/png\" \/>\n<meta name=\"author\" content=\"pdemora\" \/>\n<meta name=\"twitter:card\" content=\"summary_large_image\" \/>\n<meta name=\"twitter:label1\" content=\"Escrit per\" \/>\n\t<meta name=\"twitter:data1\" content=\"pdemora\" \/>\n\t<meta name=\"twitter:label2\" content=\"Temps estimat de lectura\" \/>\n\t<meta name=\"twitter:data2\" content=\"4 minuts\" \/>\n<script type=\"application\/ld+json\" class=\"yoast-schema-graph\">{\"@context\":\"https:\\\/\\\/schema.org\",\"@graph\":[{\"@type\":\"Article\",\"@id\":\"https:\\\/\\\/www.rubatec.es\\\/ca\\\/adjudicacio-installacio-pergola-fotovoltaica-parking-sant-boi#article\",\"isPartOf\":{\"@id\":\"https:\\\/\\\/www.rubatec.es\\\/ca\\\/adjudicacio-installacio-pergola-fotovoltaica-parking-sant-boi\"},\"author\":{\"name\":\"pdemora\",\"@id\":\"https:\\\/\\\/www.rubatec.es\\\/ca#\\\/schema\\\/person\\\/35733e97f2b4a1bc08bd37329325f2fc\"},\"headline\":\"P\u00e8rgola fotovoltaica de Sant Boi: arranquen les obres de la major instal\u00b7laci\u00f3 solar de l&#8217;\u00e0rea metropolitana\",\"datePublished\":\"2025-07-17T09:14:33+00:00\",\"dateModified\":\"2026-03-09T12:08:30+00:00\",\"mainEntityOfPage\":{\"@id\":\"https:\\\/\\\/www.rubatec.es\\\/ca\\\/adjudicacio-installacio-pergola-fotovoltaica-parking-sant-boi\"},\"wordCount\":743,\"publisher\":{\"@id\":\"https:\\\/\\\/www.rubatec.es\\\/ca#organization\"},\"image\":{\"@id\":\"https:\\\/\\\/www.rubatec.es\\\/ca\\\/adjudicacio-installacio-pergola-fotovoltaica-parking-sant-boi#primaryimage\"},\"thumbnailUrl\":\"https:\\\/\\\/www.rubatec.es\\\/wp-content\\\/uploads\\\/2025\\\/07\\\/render_sant_boi.png\",\"keywords\":[\"AMB\",\"Energies renovables\",\"Fotovolt\u00e0ica\",\"SAnt Boi\"],\"articleSection\":[\"Sin categorizar\"],\"inLanguage\":\"ca\"},{\"@type\":\"WebPage\",\"@id\":\"https:\\\/\\\/www.rubatec.es\\\/ca\\\/adjudicacio-installacio-pergola-fotovoltaica-parking-sant-boi\",\"url\":\"https:\\\/\\\/www.rubatec.es\\\/ca\\\/adjudicacio-installacio-pergola-fotovoltaica-parking-sant-boi\",\"name\":\"Instal\u00b7laci\u00f3 de la major p\u00e8rgola fotovolt\u00e0ica de l'AMB - RUBATEC\",\"isPartOf\":{\"@id\":\"https:\\\/\\\/www.rubatec.es\\\/ca#website\"},\"primaryImageOfPage\":{\"@id\":\"https:\\\/\\\/www.rubatec.es\\\/ca\\\/adjudicacio-installacio-pergola-fotovoltaica-parking-sant-boi#primaryimage\"},\"image\":{\"@id\":\"https:\\\/\\\/www.rubatec.es\\\/ca\\\/adjudicacio-installacio-pergola-fotovoltaica-parking-sant-boi#primaryimage\"},\"thumbnailUrl\":\"https:\\\/\\\/www.rubatec.es\\\/wp-content\\\/uploads\\\/2025\\\/07\\\/render_sant_boi.png\",\"datePublished\":\"2025-07-17T09:14:33+00:00\",\"dateModified\":\"2026-03-09T12:08:30+00:00\",\"breadcrumb\":{\"@id\":\"https:\\\/\\\/www.rubatec.es\\\/ca\\\/adjudicacio-installacio-pergola-fotovoltaica-parking-sant-boi#breadcrumb\"},\"inLanguage\":\"ca\",\"potentialAction\":[{\"@type\":\"ReadAction\",\"target\":[\"https:\\\/\\\/www.rubatec.es\\\/ca\\\/adjudicacio-installacio-pergola-fotovoltaica-parking-sant-boi\"]}]},{\"@type\":\"ImageObject\",\"inLanguage\":\"ca\",\"@id\":\"https:\\\/\\\/www.rubatec.es\\\/ca\\\/adjudicacio-installacio-pergola-fotovoltaica-parking-sant-boi#primaryimage\",\"url\":\"https:\\\/\\\/www.rubatec.es\\\/wp-content\\\/uploads\\\/2025\\\/07\\\/render_sant_boi.png\",\"contentUrl\":\"https:\\\/\\\/www.rubatec.es\\\/wp-content\\\/uploads\\\/2025\\\/07\\\/render_sant_boi.png\",\"width\":1862,\"height\":907,\"caption\":\"Previsualizaci\u00f3n del nuevo parking de Alcampo en Sant Boi, con las placas fotovoltaicas instaladas sobre la cubierta del aparcamiento.\"},{\"@type\":\"BreadcrumbList\",\"@id\":\"https:\\\/\\\/www.rubatec.es\\\/ca\\\/adjudicacio-installacio-pergola-fotovoltaica-parking-sant-boi#breadcrumb\",\"itemListElement\":[{\"@type\":\"ListItem\",\"position\":1,\"name\":\"Home\",\"item\":\"https:\\\/\\\/www.rubatec.es\\\/ca\"},{\"@type\":\"ListItem\",\"position\":2,\"name\":\"P\u00e8rgola fotovoltaica de Sant Boi: arranquen les obres de la major instal\u00b7laci\u00f3 solar de l&#8217;\u00e0rea metropolitana\"}]},{\"@type\":\"WebSite\",\"@id\":\"https:\\\/\\\/www.rubatec.es\\\/ca#website\",\"url\":\"https:\\\/\\\/www.rubatec.es\\\/ca\",\"name\":\"RUBATEC\",\"description\":\"\",\"publisher\":{\"@id\":\"https:\\\/\\\/www.rubatec.es\\\/ca#organization\"},\"potentialAction\":[{\"@type\":\"SearchAction\",\"target\":{\"@type\":\"EntryPoint\",\"urlTemplate\":\"https:\\\/\\\/www.rubatec.es\\\/ca?s={search_term_string}\"},\"query-input\":{\"@type\":\"PropertyValueSpecification\",\"valueRequired\":true,\"valueName\":\"search_term_string\"}}],\"inLanguage\":\"ca\"},{\"@type\":\"Organization\",\"@id\":\"https:\\\/\\\/www.rubatec.es\\\/ca#organization\",\"name\":\"RUBATEC\",\"url\":\"https:\\\/\\\/www.rubatec.es\\\/ca\",\"logo\":{\"@type\":\"ImageObject\",\"inLanguage\":\"ca\",\"@id\":\"https:\\\/\\\/www.rubatec.es\\\/ca#\\\/schema\\\/logo\\\/image\\\/\",\"url\":\"\",\"contentUrl\":\"\",\"caption\":\"RUBATEC\"},\"image\":{\"@id\":\"https:\\\/\\\/www.rubatec.es\\\/ca#\\\/schema\\\/logo\\\/image\\\/\"}},{\"@type\":\"Person\",\"@id\":\"https:\\\/\\\/www.rubatec.es\\\/ca#\\\/schema\\\/person\\\/35733e97f2b4a1bc08bd37329325f2fc\",\"name\":\"pdemora\",\"image\":{\"@type\":\"ImageObject\",\"inLanguage\":\"ca\",\"@id\":\"https:\\\/\\\/secure.gravatar.com\\\/avatar\\\/d1cc69a2ed423316b44aa22eb9f4d5b88dfa3a7f0fa6e50881a1e82446915ff4?s=96&d=mm&r=g\",\"url\":\"https:\\\/\\\/secure.gravatar.com\\\/avatar\\\/d1cc69a2ed423316b44aa22eb9f4d5b88dfa3a7f0fa6e50881a1e82446915ff4?s=96&d=mm&r=g\",\"contentUrl\":\"https:\\\/\\\/secure.gravatar.com\\\/avatar\\\/d1cc69a2ed423316b44aa22eb9f4d5b88dfa3a7f0fa6e50881a1e82446915ff4?s=96&d=mm&r=g\",\"caption\":\"pdemora\"}}]}<\/script>\n<!-- \/ Yoast SEO plugin. -->","yoast_head_json":{"title":"Instal\u00b7laci\u00f3 de la major p\u00e8rgola fotovolt\u00e0ica de l'AMB - RUBATEC","robots":{"index":"index","follow":"follow","max-snippet":"max-snippet:-1","max-image-preview":"max-image-preview:large","max-video-preview":"max-video-preview:-1"},"canonical":"https:\/\/www.rubatec.es\/ca\/adjudicacio-installacio-pergola-fotovoltaica-parking-sant-boi","og_locale":"ca_ES","og_type":"article","og_title":"Instal\u00b7laci\u00f3 de la major p\u00e8rgola fotovolt\u00e0ica de l'AMB - RUBATEC","og_description":"RUBATEC ha resultat adjudicat\u00e0ria del contracte per a construir la major p\u00e8rgola fotovoltaica de l&#8217;\u00c0rea Metropolitana de Barcelona (AMB) en l&#8217;aparcament del supermercat Alcampo, a Sant Boi de Llobregat. El projecte, que t\u00e9 planificada la seva entrada en funcionament a mitjans de 2026, ha estat impulsat per la AMB i l&#8217;ajuntament de Sant Boi. A... View Article","og_url":"https:\/\/www.rubatec.es\/ca\/adjudicacio-installacio-pergola-fotovoltaica-parking-sant-boi","og_site_name":"RUBATEC","article_published_time":"2025-07-17T09:14:33+00:00","article_modified_time":"2026-03-09T12:08:30+00:00","og_image":[{"width":1862,"height":907,"url":"https:\/\/www.rubatec.es\/wp-content\/uploads\/2025\/07\/render_sant_boi.png","type":"image\/png"}],"author":"pdemora","twitter_card":"summary_large_image","twitter_misc":{"Escrit per":"pdemora","Temps estimat de lectura":"4 minuts"},"schema":{"@context":"https:\/\/schema.org","@graph":[{"@type":"Article","@id":"https:\/\/www.rubatec.es\/ca\/adjudicacio-installacio-pergola-fotovoltaica-parking-sant-boi#article","isPartOf":{"@id":"https:\/\/www.rubatec.es\/ca\/adjudicacio-installacio-pergola-fotovoltaica-parking-sant-boi"},"author":{"name":"pdemora","@id":"https:\/\/www.rubatec.es\/ca#\/schema\/person\/35733e97f2b4a1bc08bd37329325f2fc"},"headline":"P\u00e8rgola fotovoltaica de Sant Boi: arranquen les obres de la major instal\u00b7laci\u00f3 solar de l&#8217;\u00e0rea metropolitana","datePublished":"2025-07-17T09:14:33+00:00","dateModified":"2026-03-09T12:08:30+00:00","mainEntityOfPage":{"@id":"https:\/\/www.rubatec.es\/ca\/adjudicacio-installacio-pergola-fotovoltaica-parking-sant-boi"},"wordCount":743,"publisher":{"@id":"https:\/\/www.rubatec.es\/ca#organization"},"image":{"@id":"https:\/\/www.rubatec.es\/ca\/adjudicacio-installacio-pergola-fotovoltaica-parking-sant-boi#primaryimage"},"thumbnailUrl":"https:\/\/www.rubatec.es\/wp-content\/uploads\/2025\/07\/render_sant_boi.png","keywords":["AMB","Energies renovables","Fotovolt\u00e0ica","SAnt Boi"],"articleSection":["Sin categorizar"],"inLanguage":"ca"},{"@type":"WebPage","@id":"https:\/\/www.rubatec.es\/ca\/adjudicacio-installacio-pergola-fotovoltaica-parking-sant-boi","url":"https:\/\/www.rubatec.es\/ca\/adjudicacio-installacio-pergola-fotovoltaica-parking-sant-boi","name":"Instal\u00b7laci\u00f3 de la major p\u00e8rgola fotovolt\u00e0ica de l'AMB - RUBATEC","isPartOf":{"@id":"https:\/\/www.rubatec.es\/ca#website"},"primaryImageOfPage":{"@id":"https:\/\/www.rubatec.es\/ca\/adjudicacio-installacio-pergola-fotovoltaica-parking-sant-boi#primaryimage"},"image":{"@id":"https:\/\/www.rubatec.es\/ca\/adjudicacio-installacio-pergola-fotovoltaica-parking-sant-boi#primaryimage"},"thumbnailUrl":"https:\/\/www.rubatec.es\/wp-content\/uploads\/2025\/07\/render_sant_boi.png","datePublished":"2025-07-17T09:14:33+00:00","dateModified":"2026-03-09T12:08:30+00:00","breadcrumb":{"@id":"https:\/\/www.rubatec.es\/ca\/adjudicacio-installacio-pergola-fotovoltaica-parking-sant-boi#breadcrumb"},"inLanguage":"ca","potentialAction":[{"@type":"ReadAction","target":["https:\/\/www.rubatec.es\/ca\/adjudicacio-installacio-pergola-fotovoltaica-parking-sant-boi"]}]},{"@type":"ImageObject","inLanguage":"ca","@id":"https:\/\/www.rubatec.es\/ca\/adjudicacio-installacio-pergola-fotovoltaica-parking-sant-boi#primaryimage","url":"https:\/\/www.rubatec.es\/wp-content\/uploads\/2025\/07\/render_sant_boi.png","contentUrl":"https:\/\/www.rubatec.es\/wp-content\/uploads\/2025\/07\/render_sant_boi.png","width":1862,"height":907,"caption":"Previsualizaci\u00f3n del nuevo parking de Alcampo en Sant Boi, con las placas fotovoltaicas instaladas sobre la cubierta del aparcamiento."},{"@type":"BreadcrumbList","@id":"https:\/\/www.rubatec.es\/ca\/adjudicacio-installacio-pergola-fotovoltaica-parking-sant-boi#breadcrumb","itemListElement":[{"@type":"ListItem","position":1,"name":"Home","item":"https:\/\/www.rubatec.es\/ca"},{"@type":"ListItem","position":2,"name":"P\u00e8rgola fotovoltaica de Sant Boi: arranquen les obres de la major instal\u00b7laci\u00f3 solar de l&#8217;\u00e0rea metropolitana"}]},{"@type":"WebSite","@id":"https:\/\/www.rubatec.es\/ca#website","url":"https:\/\/www.rubatec.es\/ca","name":"RUBATEC","description":"","publisher":{"@id":"https:\/\/www.rubatec.es\/ca#organization"},"potentialAction":[{"@type":"SearchAction","target":{"@type":"EntryPoint","urlTemplate":"https:\/\/www.rubatec.es\/ca?s={search_term_string}"},"query-input":{"@type":"PropertyValueSpecification","valueRequired":true,"valueName":"search_term_string"}}],"inLanguage":"ca"},{"@type":"Organization","@id":"https:\/\/www.rubatec.es\/ca#organization","name":"RUBATEC","url":"https:\/\/www.rubatec.es\/ca","logo":{"@type":"ImageObject","inLanguage":"ca","@id":"https:\/\/www.rubatec.es\/ca#\/schema\/logo\/image\/","url":"","contentUrl":"","caption":"RUBATEC"},"image":{"@id":"https:\/\/www.rubatec.es\/ca#\/schema\/logo\/image\/"}},{"@type":"Person","@id":"https:\/\/www.rubatec.es\/ca#\/schema\/person\/35733e97f2b4a1bc08bd37329325f2fc","name":"pdemora","image":{"@type":"ImageObject","inLanguage":"ca","@id":"https:\/\/secure.gravatar.com\/avatar\/d1cc69a2ed423316b44aa22eb9f4d5b88dfa3a7f0fa6e50881a1e82446915ff4?s=96&d=mm&r=g","url":"https:\/\/secure.gravatar.com\/avatar\/d1cc69a2ed423316b44aa22eb9f4d5b88dfa3a7f0fa6e50881a1e82446915ff4?s=96&d=mm&r=g","contentUrl":"https:\/\/secure.gravatar.com\/avatar\/d1cc69a2ed423316b44aa22eb9f4d5b88dfa3a7f0fa6e50881a1e82446915ff4?s=96&d=mm&r=g","caption":"pdemora"}}]}},"_links":{"self":[{"href":"https:\/\/www.rubatec.es\/ca\/wp-json\/wp\/v2\/posts\/3145","targetHints":{"allow":["GET"]}}],"collection":[{"href":"https:\/\/www.rubatec.es\/ca\/wp-json\/wp\/v2\/posts"}],"about":[{"href":"https:\/\/www.rubatec.es\/ca\/wp-json\/wp\/v2\/types\/post"}],"author":[{"embeddable":true,"href":"https:\/\/www.rubatec.es\/ca\/wp-json\/wp\/v2\/users\/7"}],"replies":[{"embeddable":true,"href":"https:\/\/www.rubatec.es\/ca\/wp-json\/wp\/v2\/comments?post=3145"}],"version-history":[{"count":4,"href":"https:\/\/www.rubatec.es\/ca\/wp-json\/wp\/v2\/posts\/3145\/revisions"}],"predecessor-version":[{"id":7603,"href":"https:\/\/www.rubatec.es\/ca\/wp-json\/wp\/v2\/posts\/3145\/revisions\/7603"}],"wp:featuredmedia":[{"embeddable":true,"href":"https:\/\/www.rubatec.es\/ca\/wp-json\/wp\/v2\/media\/3130"}],"wp:attachment":[{"href":"https:\/\/www.rubatec.es\/ca\/wp-json\/wp\/v2\/media?parent=3145"}],"wp:term":[{"taxonomy":"category","embeddable":true,"href":"https:\/\/www.rubatec.es\/ca\/wp-json\/wp\/v2\/categories?post=3145"},{"taxonomy":"post_tag","embeddable":true,"href":"https:\/\/www.rubatec.es\/ca\/wp-json\/wp\/v2\/tags?post=3145"}],"curies":[{"name":"wp","href":"https:\/\/api.w.org\/{rel}","templated":true}]}}